{"id":5997,"date":"2026-02-04T11:57:22","date_gmt":"2026-02-04T14:57:22","guid":{"rendered":"https:\/\/niteroiprev.niteroi.rj.gov.br\/?p=5997"},"modified":"2026-04-01T13:00:00","modified_gmt":"2026-04-01T16:00:00","slug":"censo-previdenciario-2025-ja-disponivel","status":"publish","type":"post","link":"https:\/\/niteroiprev.niteroi.rj.gov.br\/?p=5997","title":{"rendered":"\u00daLTIMO PRAZO PARA O CENSO PREVIDENCI\u00c1RIO \u00c9 16 DE MAR\u00c7O; QUEM N\u00c3O REALIZAR TER\u00c1 O BENEF\u00cdCIO BLOQUEADO."},"content":{"rendered":"<p>Os segurados que n\u00e3o realizarem o recenseamento at\u00e9 essa data ter\u00e3o o benef\u00edcio bloqueado, permanecendo suspenso at\u00e9 a regulariza\u00e7\u00e3o da situa\u00e7\u00e3o cadastral junto \u00e0 Niter\u00f3i Prev.<\/p>\n<p>A Autarquia refor\u00e7a que o procedimento \u00e9 obrigat\u00f3rio e indispens\u00e1vel para a manuten\u00e7\u00e3o do pagamento regular dos benef\u00edcios.<\/p>\n<p>Devem realizar o procedimento:<br \/>\n\u2022 Servidores ativos<br \/>\n\u2022 Aposentados<br \/>\n\u2022 Pensionistas<\/p>\n<p>O n\u00e3o comparecimento poder\u00e1 resultar no bloqueio do benef\u00edcio at\u00e9 a regulariza\u00e7\u00e3o da situa\u00e7\u00e3o cadastral, conforme previsto na legisla\u00e7\u00e3o previdenci\u00e1ria.<br \/>\nA atualiza\u00e7\u00e3o cadastral \u00e9 fundamental para garantir a regularidade dos pagamentos, a conformidade atuarial do Regime Pr\u00f3prio de Previd\u00eancia Social e a seguran\u00e7a das informa\u00e7\u00f5es dos segurados.<br \/>\nDocumentos necess\u00e1rios:<br \/>\n\u2022 Documento de identidade (RG)<br \/>\n\u2022 CPF<br \/>\n\u2022 Comprovante de resid\u00eancia atualizado<br \/>\n\u2022 Documento de estado civil<br \/>\nA Niter\u00f3i Prev orienta que os segurados n\u00e3o deixem para a \u00faltima hora e realizem o procedimento dentro do prazo estabelecido, evitando transtornos.<\/p>\n<p>Link para a realiza\u00e7\u00e3o do censo: <a href=\"https:\/\/sistema.protecweb.com.br\/portaldosegurado\/?mobile=1\">https:\/\/sistema.protecweb.com.br\/portaldosegurado\/?mobile=1<\/a><\/p>\n<p>&nbsp;<\/p>\n","protected":false},"excerpt":{"rendered":"<p>Os segurados que n\u00e3o realizarem o recenseamento at\u00e9 essa data [&hellip;]<\/p>\n","protected":false},"author":1,"featured_media":0,"comment_status":"open","ping_status":"open","sticky":false,"template":"","format":"standard","meta":{"_acf_changed":false,"footnotes":""},"categories":[6],"tags":[],"class_list":["post-5997","post","type-post","status-publish","format-standard","hentry","category-destaques"],"acf":[],"_links":{"self":[{"href":"https:\/\/niteroiprev.niteroi.rj.gov.br\/index.php?rest_route=\/wp\/v2\/posts\/5997","targetHints":{"allow":["GET"]}}],"collection":[{"href":"https:\/\/niteroiprev.niteroi.rj.gov.br\/index.php?rest_route=\/wp\/v2\/posts"}],"about":[{"href":"https:\/\/niteroiprev.niteroi.rj.gov.br\/index.php?rest_route=\/wp\/v2\/types\/post"}],"author":[{"embeddable":true,"href":"https:\/\/niteroiprev.niteroi.rj.gov.br\/index.php?rest_route=\/wp\/v2\/users\/1"}],"replies":[{"embeddable":true,"href":"https:\/\/niteroiprev.niteroi.rj.gov.br\/index.php?rest_route=%2Fwp%2Fv2%2Fcomments&post=5997"}],"version-history":[{"count":8,"href":"https:\/\/niteroiprev.niteroi.rj.gov.br\/index.php?rest_route=\/wp\/v2\/posts\/5997\/revisions"}],"predecessor-version":[{"id":7176,"href":"https:\/\/niteroiprev.niteroi.rj.gov.br\/index.php?rest_route=\/wp\/v2\/posts\/5997\/revisions\/7176"}],"wp:attachment":[{"href":"https:\/\/niteroiprev.niteroi.rj.gov.br\/index.php?rest_route=%2Fwp%2Fv2%2Fmedia&parent=5997"}],"wp:term":[{"taxonomy":"category","embeddable":true,"href":"https:\/\/niteroiprev.niteroi.rj.gov.br\/index.php?rest_route=%2Fwp%2Fv2%2Fcategories&post=5997"},{"taxonomy":"post_tag","embeddable":true,"href":"https:\/\/niteroiprev.niteroi.rj.gov.br\/index.php?rest_route=%2Fwp%2Fv2%2Ftags&post=5997"}],"curies":[{"name":"wp","href":"https:\/\/api.w.org\/{rel}","templated":true}]}}