{"id":6001,"date":"2025-10-24T17:30:26","date_gmt":"2025-10-24T20:30:26","guid":{"rendered":"https:\/\/niteroiprev.niteroi.rj.gov.br\/?p=6001"},"modified":"2026-02-24T16:19:20","modified_gmt":"2026-02-24T19:19:20","slug":"participe-da-eleicao-dos-novos-membros-do-conselho-superior-de-administracao-e-conselho-fiscal-da-niteroi-prev-2","status":"publish","type":"post","link":"https:\/\/niteroiprev.niteroi.rj.gov.br\/?p=6001","title":{"rendered":"Participe da Elei\u00e7\u00e3o dos novos membros do conselho Superior de Administra\u00e7\u00e3o e conselho Fiscal da Niter\u00f3i Prev!"},"content":{"rendered":"<h3 style=\"text-align: center;\"><strong>EDITAL DE CONVOCA\u00c7\u00c3O<\/strong><\/h3>\n<h3 style=\"text-align: center;\"><strong>Elei\u00e7\u00e3o para o Conselho Superior de Administra\u00e7\u00e3o e Conselho Fiscal da NITER\u00d3I PREV. <\/strong><\/h3>\n<div>\n<div style=\"text-align: left;\">Ficam convocados(as) os(as) servidores(as) efetivos(as), ativos(as), aposentados(as) e pensionistas do Munic\u00edpio de Niter\u00f3i para a Elei\u00e7\u00e3o dos membros do Conselho Superior de Administra\u00e7\u00e3o e do Conselho Fiscal da NITER\u00d3I PREV, dentre os servidores efetivos, ativos, aposentados e pensionistas.<\/div>\n<p>&nbsp;<\/p>\n<div style=\"text-align: left;\">Para o Conselho Superior de Administra\u00e7\u00e3o ser\u00e3o eleitos dois (2) representantes dos servidores efetivos ativos e dois (2) representantes dos aposentados\/pensionistas.<\/div>\n<p>&nbsp;<\/p>\n<div style=\"text-align: left;\">Para o Conselho Fiscal ser\u00e1 eleito um (01) representante dos servidores efetivos ativos e um (01) representante dos servidores aposentados\/pensionistas.<\/div>\n<p>&nbsp;<\/p>\n<div style=\"text-align: left;\">A elei\u00e7\u00e3o ser\u00e1 realizada exclusivamente de forma presencial, por interm\u00e9dio do voto direto e facultativo.<\/div>\n<p>&nbsp;<\/p>\n<div style=\"text-align: left;\">A elei\u00e7\u00e3o realizar-se-\u00e1 no dia 06 de novembro de 2025, nos seguintes locais de vota\u00e7\u00e3o:<\/div>\n<div style=\"text-align: left;\">Sede da Niter\u00f3i Prev \u2013 Rua da Concei\u00e7\u00e3o n\u00ba 195, Centro \u2013 T\u00e9rreo<\/div>\n<div style=\"text-align: left;\">Prefeitura Municipal de Niter\u00f3i (CAN) \u2013 Rua Visconde de Sepetiba n\u00ba 987, Centro \u2013 T\u00e9rreo<\/div>\n<div style=\"text-align: left;\">C\u00e2mara Municipal de Niter\u00f3i \u2013 Av. Ernani Amaral Peixoto n\u00ba 625, Centro<\/div>\n<p>&nbsp;<\/p>\n<div style=\"text-align: left;\">Os eleitores dever\u00e3o apresentar documento v\u00e1lido com foto e c\u00f3pia do \u00faltimo contracheque. A vota\u00e7\u00e3o ser\u00e1 segmentada por categoria de segurados: servidores ativos votar\u00e3o exclusivamente nos candidatos da categoria de ativos, e os inativos e pensionistas votar\u00e3o nos candidatos de sua respectiva categoria.<\/div>\n<p>&nbsp;<\/p>\n<div style=\"text-align: left;\">A apura\u00e7\u00e3o dos votos ocorrer\u00e1 no dia 07 de novembro de 2025, \u00e0s 10h, nas depend\u00eancias da Niter\u00f3i Prev.<\/div>\n<p>&nbsp;<\/p>\n<div style=\"text-align: left;\"><b>Candidatos:\u00a0<\/b><\/div>\n<div style=\"text-align: left;\">PORTARIA CE N\u00ba 02\/2025- A Comiss\u00e3o Eleitoral da Niter\u00f3i Prev, no uso de suas atribui\u00e7\u00f5es legal, constitu\u00edda atrav\u00e9s da Portaria da Presid\u00eancia n\u00ba 334\/NITPREV\/2025, publicada em 23 de agosto de 2025 e nos termos do artigo 11\u00ba do Edital de Convoca\u00e7\u00e3o, faz publicar a rela\u00e7\u00e3o definitiva dos candidatos habilitados \u00e0 elei\u00e7\u00e3o dos membros do Conselho Superior de Administra\u00e7\u00e3o e do Conselho Fiscal<\/div>\n<p>&nbsp;<\/p>\n<div style=\"text-align: left;\">Conselho Superior de Administra\u00e7\u00e3o:<\/div>\n<div style=\"text-align: left;\">Candidatos as 2 (duas) vagas destinada aos ativos:<\/div>\n<div style=\"text-align: left;\">Carlos Magno Zanotti Meirelles \u2013 Inscri\u00e7\u00e3o n\u00ba 01\/2025 \u2013 Mat. n\u00ba 1432328<\/div>\n<div style=\"text-align: left;\">Maria Helena Alves Oliveira \u2013 Inscri\u00e7\u00e3o n\u00ba 07\/2025 \u2013 Mat. n\u00ba 1232684-1<\/div>\n<p>&nbsp;<\/p>\n<div style=\"text-align: left;\">Candidatos as 2 (duas) vagas destinadas aos Aposentados\/Pensionistas:<\/div>\n<div style=\"text-align: left;\">Marcos da Silva Gon\u00e7alves \u2013 Inscri\u00e7\u00e3o n\u00ba 02\/2025 \u2013 Mat. n\u00ba 7224008-3<\/div>\n<div style=\"text-align: left;\">Solange Nazar\u00e9 Correa Assump\u00e7\u00e3o \u2013 Inscri\u00e7\u00e3o n\u00ba 04\/2025 \u2013 Mat. n\u00ba 7400009<\/div>\n<div style=\"text-align: left;\">Jorge da Concei\u00e7\u00e3o Gomes &#8211; Inscri\u00e7\u00e3o n\u00ba 08\/2025 \u2013 Mat. n\u00ba 7432895-1<\/div>\n<div style=\"text-align: left;\">Margareth Freire Rangel &#8211; Inscri\u00e7\u00e3o n\u00ba 09\/2025 \u2013 Mat. n\u00ba 69912<\/div>\n<p>&nbsp;<\/p>\n<div style=\"text-align: left;\">Conselho Fiscal:<\/div>\n<div style=\"text-align: left;\">Candidatos a 1 (uma) vaga destinada aos ativos:<\/div>\n<div style=\"text-align: left;\">Herm\u00ednio Fernando Rangel Neto \u2013 Inscri\u00e7\u00e3o n\u00ba 03\/2025 \u2013 Mat. n\u00ba 1243224-0<\/div>\n<div style=\"text-align: left;\">Jos\u00e9 Ricardo de Oliveira Lessa \u2013 Inscri\u00e7\u00e3o n\u00ba 06\/2025 \u2013 Mat. n\u00ba 432555-1<\/div>\n<div style=\"text-align: left;\">Candidatos a 1 (uma) vaga destinada aos Aposentados\/Pensionistas:<\/div>\n<div style=\"text-align: left;\">Eduardo Luiz Silveira de Freitas \u2013 Inscri\u00e7\u00e3o n\u00ba 05\/20253 \u2013 Mat. n\u00ba 8234704-5<\/div>\n<\/div>\n<p>&nbsp;<\/p>\n<div>\n<div><strong>Rela\u00e7\u00e3o dos Candidatos Habilitados<\/strong>:\u00a0<a href=\"https:\/\/diariooficial.niteroi.rj.gov.br\/do\/2025\/10_Out\/16.pdf\" target=\"_blank\" rel=\"noopener\" data-saferedirecturl=\"https:\/\/www.google.com\/url?q=https:\/\/diariooficial.niteroi.rj.gov.br\/do\/2025\/10_Out\/16.pdf&amp;source=gmail&amp;ust=1761417484903000&amp;usg=AOvVaw2stvc0F7DJtOjxuVifliVm\">https:\/\/diariooficial.niteroi.<wbr \/>rj.gov.br\/do\/2025\/10_Out\/16.<wbr \/>pdf<\/a><\/div>\n<div><strong>Rela\u00e7\u00e3o Definitiva dos Candidatos Habilitados<\/strong>:\u00a0<a href=\"https:\/\/diariooficial.niteroi.rj.gov.br\/do\/2025\/10_Out\/23.pdf\" target=\"_blank\" rel=\"noopener\" data-saferedirecturl=\"https:\/\/www.google.com\/url?q=https:\/\/diariooficial.niteroi.rj.gov.br\/do\/2025\/10_Out\/23.pdf&amp;source=gmail&amp;ust=1761417484903000&amp;usg=AOvVaw0LgWD97FPvz05RFKC31-Ij\">https:\/\/diariooficial.niteroi.<wbr \/>rj.gov.br\/do\/2025\/10_Out\/23.<wbr \/>pdf<\/a><\/div>\n<div><\/div>\n<p>&nbsp;<\/p>\n<\/div>\n<h3 style=\"text-align: center;\"><a href=\"https:\/\/niteroiprev.niteroi.rj.gov.br\/wp-content\/uploads\/2025\/08\/EDITAL-ELEICAO-CONSELHOS.pdf\" target=\"_blank\" rel=\"noopener\"><strong>&#8220;Clique aqui e acesse o edital da Elei\u00e7\u00e3o!&#8221;<\/strong><\/a><\/h3>\n<h3 style=\"text-align: center;\"><a href=\"https:\/\/niteroiprev.niteroi.rj.gov.br\/wp-content\/uploads\/2025\/10\/Edital-de-Convocacao-Eleicao-dos-Conselhos-de-Administracao-e-Fiscal-da-Niteroi-Prev-2o-Retificacao-1.pdf\" target=\"_blank\" rel=\"noopener\"><strong>&#8220;Edital de Convoca\u00e7\u00e3o &#8211; Elei\u00e7\u00e3o dos Conselhos de Administra\u00e7\u00e3o e Fiscal da Niter\u00f3i Prev&#8221;<\/strong><\/a><\/h3>\n<h3 style=\"text-align: center;\"><a href=\"https:\/\/niteroiprev.niteroi.rj.gov.br\/wp-content\/uploads\/2025\/10\/1o-Retificacao-Edital-de-Convocacao.pdf\" target=\"_blank\" rel=\"noopener\"><strong>&#8220;1\u00ba Retifica\u00e7\u00e3o &#8211; Edital de Convoca\u00e7\u00e3o&#8221;<\/strong><\/a><\/h3>\n<h3 style=\"text-align: center;\"><a href=\"https:\/\/niteroiprev.niteroi.rj.gov.br\/wp-content\/uploads\/2025\/10\/2o-Resiticacao-Edital-de-Convocacao_compressed.pdf\" target=\"_blank\" rel=\"noopener\"><strong>&#8220;2\u00ba Retifica\u00e7\u00e3o &#8211; Edital de Convoca\u00e7\u00e3o&#8221;<\/strong><\/a><\/h3>\n","protected":false},"excerpt":{"rendered":"<p>EDITAL DE CONVOCA\u00c7\u00c3O Elei\u00e7\u00e3o para o Conselho Superior de Administra\u00e7\u00e3o [&hellip;]<\/p>\n","protected":false},"author":1,"featured_media":0,"comment_status":"open","ping_status":"open","sticky":false,"template":"","format":"standard","meta":{"_acf_changed":false,"footnotes":""},"categories":[4],"tags":[],"class_list":["post-6001","post","type-post","status-publish","format-standard","hentry","category-noticias"],"acf":[],"_links":{"self":[{"href":"https:\/\/niteroiprev.niteroi.rj.gov.br\/index.php?rest_route=\/wp\/v2\/posts\/6001","targetHints":{"allow":["GET"]}}],"collection":[{"href":"https:\/\/niteroiprev.niteroi.rj.gov.br\/index.php?rest_route=\/wp\/v2\/posts"}],"about":[{"href":"https:\/\/niteroiprev.niteroi.rj.gov.br\/index.php?rest_route=\/wp\/v2\/types\/post"}],"author":[{"embeddable":true,"href":"https:\/\/niteroiprev.niteroi.rj.gov.br\/index.php?rest_route=\/wp\/v2\/users\/1"}],"replies":[{"embeddable":true,"href":"https:\/\/niteroiprev.niteroi.rj.gov.br\/index.php?rest_route=%2Fwp%2Fv2%2Fcomments&post=6001"}],"version-history":[{"count":13,"href":"https:\/\/niteroiprev.niteroi.rj.gov.br\/index.php?rest_route=\/wp\/v2\/posts\/6001\/revisions"}],"predecessor-version":[{"id":6392,"href":"https:\/\/niteroiprev.niteroi.rj.gov.br\/index.php?rest_route=\/wp\/v2\/posts\/6001\/revisions\/6392"}],"wp:attachment":[{"href":"https:\/\/niteroiprev.niteroi.rj.gov.br\/index.php?rest_route=%2Fwp%2Fv2%2Fmedia&parent=6001"}],"wp:term":[{"taxonomy":"category","embeddable":true,"href":"https:\/\/niteroiprev.niteroi.rj.gov.br\/index.php?rest_route=%2Fwp%2Fv2%2Fcategories&post=6001"},{"taxonomy":"post_tag","embeddable":true,"href":"https:\/\/niteroiprev.niteroi.rj.gov.br\/index.php?rest_route=%2Fwp%2Fv2%2Ftags&post=6001"}],"curies":[{"name":"wp","href":"https:\/\/api.w.org\/{rel}","templated":true}]}}