{"id":7245,"date":"2026-03-10T06:00:45","date_gmt":"2026-03-10T09:00:45","guid":{"rendered":"https:\/\/niteroiprev.niteroi.rj.gov.br\/?p=7245"},"modified":"2026-03-31T16:56:45","modified_gmt":"2026-03-31T19:56:45","slug":"niteroi-prev-lanca-clube-de-vantagens-para-segurados-2","status":"publish","type":"post","link":"https:\/\/niteroiprev.niteroi.rj.gov.br\/?p=7245","title":{"rendered":"NITER\u00d3I PREV TER\u00c1 EVENTO PARA MULHERES NO CAMINHO NIEMEYER"},"content":{"rendered":"<p>A\u00a0<strong><a href=\"https:\/\/cidadedeniteroi.com\/tag\/niteroi\/\" target=\"_blank\" rel=\"noreferrer noopener\">Niter\u00f3i Prev<\/a><\/strong>\u00a0vai promover nesta ter\u00e7a-feira,\u00a0<strong>10 de mar\u00e7o<\/strong>, \u00e0s\u00a0<strong>14h30<\/strong>, o evento\u00a0<strong>Prev Mulher<\/strong>, no\u00a0<strong>Caminho Niemeyer<\/strong>, em Niter\u00f3i. A a\u00e7\u00e3o integra a programa\u00e7\u00e3o do\u00a0<strong>M\u00eas da Mulher<\/strong>\u00a0e aposta em informa\u00e7\u00e3o, acolhimento e orienta\u00e7\u00e3o para fortalecer o bem-estar das seguradas da previd\u00eancia municipal.<\/p>\n<p>O encontro acontece logo ap\u00f3s o\u00a0<strong>Dia Internacional da Mulher<\/strong>\u00a0e deve reunir\u00a0<strong>aposentadas, pensionistas e servidoras municipais<\/strong>\u00a0em uma programa\u00e7\u00e3o voltada \u00e0 informa\u00e7\u00e3o e ao cuidado. A proposta \u00e9 ampliar o acesso a temas que impactam diretamente a vida, a seguran\u00e7a e o planejamento das mulheres.<\/p>\n<h2><\/h2>\n<h2 id=\"h-niteroi-prev-promove-encontro-voltado-as-mulheres\" class=\"wp-block-heading\"><strong>Niter\u00f3i Prev promove encontro voltado \u00e0s mulheres<\/strong><\/h2>\n<p>Em alus\u00e3o ao\u00a0<strong>M\u00eas da Mulher<\/strong>, a\u00a0<strong>Niter\u00f3i Prev<\/strong>\u00a0realiza o\u00a0<strong>Prev Mulher<\/strong>\u00a0como uma iniciativa de valoriza\u00e7\u00e3o, orienta\u00e7\u00e3o e promo\u00e7\u00e3o do bem-estar feminino. O evento ser\u00e1 realizado no\u00a0<strong>Caminho Niemeyer<\/strong>, um dos espa\u00e7os mais simb\u00f3licos da cidade, e refor\u00e7a a agenda de a\u00e7\u00f5es dedicadas ao p\u00fablico feminino em mar\u00e7o.<\/p>\n<p>A programa\u00e7\u00e3o foi pensada para reunir\u00a0<strong>mulheres seguradas da previd\u00eancia municipal<\/strong>\u00a0em um ambiente de troca de informa\u00e7\u00f5es e acolhimento. O foco est\u00e1 em levar conte\u00fado \u00fatil e acess\u00edvel para quem busca mais seguran\u00e7a ao pensar o presente e o futuro.<\/p>\n<p>&nbsp;<br \/>\n<div id=\"attachment_7248\" style=\"width: 760px\" class=\"wp-caption aligncenter\"><img loading=\"lazy\" decoding=\"async\" aria-describedby=\"caption-attachment-7248\" class=\"wp-image-7248 size-full lazyload\" data-src=\"https:\/\/niteroiprev.niteroi.rj.gov.br\/wp-content\/uploads\/2026\/03\/JqIuanhx-teatro-popular-niteroi-jpg.webp\" alt=\"\" width=\"750\" height=\"489\" data-wp-editing=\"1\" data-srcset=\"https:\/\/niteroiprev.niteroi.rj.gov.br\/wp-content\/uploads\/2026\/03\/JqIuanhx-teatro-popular-niteroi-jpg-200x130.webp 200w, https:\/\/niteroiprev.niteroi.rj.gov.br\/wp-content\/uploads\/2026\/03\/JqIuanhx-teatro-popular-niteroi-jpg-300x196.webp 300w, https:\/\/niteroiprev.niteroi.rj.gov.br\/wp-content\/uploads\/2026\/03\/JqIuanhx-teatro-popular-niteroi-jpg-400x261.webp 400w, https:\/\/niteroiprev.niteroi.rj.gov.br\/wp-content\/uploads\/2026\/03\/JqIuanhx-teatro-popular-niteroi-jpg-600x391.webp 600w, https:\/\/niteroiprev.niteroi.rj.gov.br\/wp-content\/uploads\/2026\/03\/JqIuanhx-teatro-popular-niteroi-jpg.webp 750w\" data-sizes=\"auto, (max-width: 750px) 100vw, 750px\" src=\"data:image\/gif;base64,R0lGODlhAQABAAAAACH5BAEKAAEALAAAAAABAAEAAAICTAEAOw==\" style=\"--smush-placeholder-width: 750px; --smush-placeholder-aspect-ratio: 750\/489;\" \/><noscript><img loading=\"lazy\" decoding=\"async\" aria-describedby=\"caption-attachment-7248\" class=\"wp-image-7248 size-full\" src=\"https:\/\/niteroiprev.niteroi.rj.gov.br\/wp-content\/uploads\/2026\/03\/JqIuanhx-teatro-popular-niteroi-jpg.webp\" alt=\"\" width=\"750\" height=\"489\" data-wp-editing=\"1\" srcset=\"https:\/\/niteroiprev.niteroi.rj.gov.br\/wp-content\/uploads\/2026\/03\/JqIuanhx-teatro-popular-niteroi-jpg-200x130.webp 200w, https:\/\/niteroiprev.niteroi.rj.gov.br\/wp-content\/uploads\/2026\/03\/JqIuanhx-teatro-popular-niteroi-jpg-300x196.webp 300w, https:\/\/niteroiprev.niteroi.rj.gov.br\/wp-content\/uploads\/2026\/03\/JqIuanhx-teatro-popular-niteroi-jpg-400x261.webp 400w, https:\/\/niteroiprev.niteroi.rj.gov.br\/wp-content\/uploads\/2026\/03\/JqIuanhx-teatro-popular-niteroi-jpg-600x391.webp 600w, https:\/\/niteroiprev.niteroi.rj.gov.br\/wp-content\/uploads\/2026\/03\/JqIuanhx-teatro-popular-niteroi-jpg.webp 750w\" sizes=\"auto, (max-width: 750px) 100vw, 750px\" \/><\/noscript><p id=\"caption-attachment-7248\" class=\"wp-caption-text\"><strong>Caminho Niemeyer | Foto: Neltur<\/strong><\/p><\/div><\/p>\n<h2><\/h2>\n<h2><\/h2>\n<p>&nbsp;<\/p>\n<h2 id=\"h-direitos-previdenciarios-saude-e-planejamento-para-o-futuro\" class=\"wp-block-heading\"><strong>Direitos previdenci\u00e1rios, sa\u00fade e planejamento para o futuro<\/strong><\/h2>\n<h3 id=\"h-programacao-reune-informacao-e-qualidade-de-vida\" class=\"wp-block-heading\"><strong>Programa\u00e7\u00e3o re\u00fane informa\u00e7\u00e3o e qualidade de vida<\/strong><\/h3>\n<p>De acordo com as informa\u00e7\u00f5es divulgadas sobre o evento, o\u00a0<strong>Prev Mulher<\/strong>\u00a0vai oferecer\u00a0<strong>palestras e orienta\u00e7\u00f5es<\/strong>\u00a0sobre\u00a0<strong>direitos previdenci\u00e1rios<\/strong>,\u00a0<strong>planejamento financeiro<\/strong>,\u00a0<strong>sa\u00fade<\/strong>\u00a0e\u00a0<strong>qualidade de vida<\/strong>. A proposta \u00e9 criar um espa\u00e7o de reflex\u00e3o e apoio para mulheres que j\u00e1 contribu\u00edram ou seguem vinculadas ao servi\u00e7o p\u00fablico municipal.<\/p>\n<p>Al\u00e9m disso, o encontro busca aprofundar o debate sobre a import\u00e2ncia do\u00a0<strong>cuidado<\/strong>, da\u00a0<strong>informa\u00e7\u00e3o<\/strong>\u00a0e do\u00a0<strong>planejamento<\/strong>. Na pr\u00e1tica, isso significa levar conte\u00fado que pode ajudar as participantes a tomar decis\u00f5es com mais clareza e tranquilidade.<\/p>\n<p>&nbsp;<\/p>\n<h2 id=\"h-acao-reforca-cuidado-com-seguradas-da-previdencia-municipal\" class=\"wp-block-heading\"><strong>A\u00e7\u00e3o refor\u00e7a cuidado com seguradas da previd\u00eancia municipal<\/strong><\/h2>\n<h3 id=\"h-objetivo-e-ampliar-acesso-a-informacao\" class=\"wp-block-heading\"><strong>Objetivo \u00e9 ampliar acesso \u00e0 informa\u00e7\u00e3o<\/strong><\/h3>\n<p>Segundo o presidente da\u00a0<strong>Niter\u00f3i Prev<\/strong>,\u00a0<strong>Heitor Moreira<\/strong>, a iniciativa refor\u00e7a o compromisso da institui\u00e7\u00e3o com o cuidado e com o futuro das mulheres.<\/p>\n<blockquote class=\"wp-block-quote is-layout-flow wp-block-quote-is-layout-flow\"><p>\u201cO objetivo \u00e9 garantir que as mulheres tenham cada vez mais acesso \u00e0 informa\u00e7\u00e3o, orienta\u00e7\u00e3o e seguran\u00e7a para planejar o futuro com tranquilidade\u201d, afirmou.<\/p><\/blockquote>\n<p>&nbsp;<br \/>\nO\u00a0<strong>Prev Mulher<\/strong>\u00a0tamb\u00e9m integra o conjunto de a\u00e7\u00f5es institucionais da\u00a0<strong>Niter\u00f3i Prev<\/strong>\u00a0voltadas a\u00a0<strong>aposentados, pensionistas e servidores ativos<\/strong>. Com isso, a autarquia amplia o di\u00e1logo com seus segurados e fortalece iniciativas ligadas ao bem-estar e ao acesso \u00e0 informa\u00e7\u00e3o na\u00a0<strong>Previd\u00eancia Municipal<\/strong>.<\/p>\n<h2><\/h2>\n<p>&nbsp;<\/p>\n<h2 id=\"h-evento-destaca-impacto-social-para-mulheres-de-niteroi\" class=\"wp-block-heading\"><strong>Evento destaca impacto social para mulheres de Niter\u00f3i<\/strong><\/h2>\n<p>Mais do que uma agenda comemorativa, o encontro coloca em pauta temas que afetam diretamente a rotina de muitas mulheres da cidade. Ao reunir orienta\u00e7\u00e3o sobre\u00a0<strong>previd\u00eancia<\/strong>,\u00a0<strong>sa\u00fade<\/strong>\u00a0e\u00a0<strong>planejamento<\/strong>, o evento ajuda a transformar informa\u00e7\u00e3o em ferramenta de prote\u00e7\u00e3o, autonomia e qualidade de vida.<\/p>\n<p>&nbsp;<\/p>\n","protected":false},"excerpt":{"rendered":"<p>A\u00a0Niter\u00f3i Prev\u00a0vai promover nesta ter\u00e7a-feira,\u00a010 de mar\u00e7o, \u00e0s\u00a014h30, o evento\u00a0Prev [&hellip;]<\/p>\n","protected":false},"author":1,"featured_media":0,"comment_status":"open","ping_status":"open","sticky":false,"template":"","format":"standard","meta":{"_acf_changed":false,"footnotes":""},"categories":[4],"tags":[],"class_list":["post-7245","post","type-post","status-publish","format-standard","hentry","category-noticias"],"acf":[],"_links":{"self":[{"href":"https:\/\/niteroiprev.niteroi.rj.gov.br\/index.php?rest_route=\/wp\/v2\/posts\/7245","targetHints":{"allow":["GET"]}}],"collection":[{"href":"https:\/\/niteroiprev.niteroi.rj.gov.br\/index.php?rest_route=\/wp\/v2\/posts"}],"about":[{"href":"https:\/\/niteroiprev.niteroi.rj.gov.br\/index.php?rest_route=\/wp\/v2\/types\/post"}],"author":[{"embeddable":true,"href":"https:\/\/niteroiprev.niteroi.rj.gov.br\/index.php?rest_route=\/wp\/v2\/users\/1"}],"replies":[{"embeddable":true,"href":"https:\/\/niteroiprev.niteroi.rj.gov.br\/index.php?rest_route=%2Fwp%2Fv2%2Fcomments&post=7245"}],"version-history":[{"count":3,"href":"https:\/\/niteroiprev.niteroi.rj.gov.br\/index.php?rest_route=\/wp\/v2\/posts\/7245\/revisions"}],"predecessor-version":[{"id":7250,"href":"https:\/\/niteroiprev.niteroi.rj.gov.br\/index.php?rest_route=\/wp\/v2\/posts\/7245\/revisions\/7250"}],"wp:attachment":[{"href":"https:\/\/niteroiprev.niteroi.rj.gov.br\/index.php?rest_route=%2Fwp%2Fv2%2Fmedia&parent=7245"}],"wp:term":[{"taxonomy":"category","embeddable":true,"href":"https:\/\/niteroiprev.niteroi.rj.gov.br\/index.php?rest_route=%2Fwp%2Fv2%2Fcategories&post=7245"},{"taxonomy":"post_tag","embeddable":true,"href":"https:\/\/niteroiprev.niteroi.rj.gov.br\/index.php?rest_route=%2Fwp%2Fv2%2Ftags&post=7245"}],"curies":[{"name":"wp","href":"https:\/\/api.w.org\/{rel}","templated":true}]}}