{"id":7307,"date":"2026-03-17T11:32:13","date_gmt":"2026-03-17T14:32:13","guid":{"rendered":"https:\/\/niteroiprev.niteroi.rj.gov.br\/?p=7307"},"modified":"2026-03-17T11:41:39","modified_gmt":"2026-03-17T14:41:39","slug":"niteroi-celebra-protagonismo-feminino-e-planejamento-previdenciario-em-evento-no-caminho-niemeyer","status":"publish","type":"post","link":"https:\/\/niteroiprev.niteroi.rj.gov.br\/?p=7307","title":{"rendered":"NITER\u00d3I CELEBRA PROTAGONISMO FEMININO E PLANEJAMENTO PREVIDENCI\u00c1RIO EM EVENTO NO CAMINHO NIEMEYER"},"content":{"rendered":"<h2 data-raofz=\"22\"><\/h2>\n<div id=\"attachment_7310\" style=\"width: 2058px\" class=\"wp-caption alignnone\"><img loading=\"lazy\" decoding=\"async\" aria-describedby=\"caption-attachment-7310\" class=\"wp-image-7310 size-full lazyload\" data-src=\"https:\/\/niteroiprev.niteroi.rj.gov.br\/wp-content\/uploads\/2026\/03\/LACC0272-2048x1365-1.jpg\" alt=\"\" width=\"2048\" height=\"1365\" data-srcset=\"https:\/\/niteroiprev.niteroi.rj.gov.br\/wp-content\/uploads\/2026\/03\/LACC0272-2048x1365-1-200x133.jpg 200w, https:\/\/niteroiprev.niteroi.rj.gov.br\/wp-content\/uploads\/2026\/03\/LACC0272-2048x1365-1-300x200.jpg 300w, https:\/\/niteroiprev.niteroi.rj.gov.br\/wp-content\/uploads\/2026\/03\/LACC0272-2048x1365-1-400x267.jpg 400w, https:\/\/niteroiprev.niteroi.rj.gov.br\/wp-content\/uploads\/2026\/03\/LACC0272-2048x1365-1-600x400.jpg 600w, https:\/\/niteroiprev.niteroi.rj.gov.br\/wp-content\/uploads\/2026\/03\/LACC0272-2048x1365-1-768x512.jpg 768w, https:\/\/niteroiprev.niteroi.rj.gov.br\/wp-content\/uploads\/2026\/03\/LACC0272-2048x1365-1-800x533.jpg 800w, https:\/\/niteroiprev.niteroi.rj.gov.br\/wp-content\/uploads\/2026\/03\/LACC0272-2048x1365-1-1024x683.jpg 1024w, https:\/\/niteroiprev.niteroi.rj.gov.br\/wp-content\/uploads\/2026\/03\/LACC0272-2048x1365-1-1200x800.jpg 1200w, https:\/\/niteroiprev.niteroi.rj.gov.br\/wp-content\/uploads\/2026\/03\/LACC0272-2048x1365-1-1536x1024.jpg 1536w, https:\/\/niteroiprev.niteroi.rj.gov.br\/wp-content\/uploads\/2026\/03\/LACC0272-2048x1365-1.jpg 2048w\" data-sizes=\"auto, (max-width: 2048px) 100vw, 2048px\" src=\"data:image\/gif;base64,R0lGODlhAQABAAAAACH5BAEKAAEALAAAAAABAAEAAAICTAEAOw==\" style=\"--smush-placeholder-width: 2048px; --smush-placeholder-aspect-ratio: 2048\/1365;\" \/><noscript><img loading=\"lazy\" decoding=\"async\" aria-describedby=\"caption-attachment-7310\" class=\"wp-image-7310 size-full\" src=\"https:\/\/niteroiprev.niteroi.rj.gov.br\/wp-content\/uploads\/2026\/03\/LACC0272-2048x1365-1.jpg\" alt=\"\" width=\"2048\" height=\"1365\" srcset=\"https:\/\/niteroiprev.niteroi.rj.gov.br\/wp-content\/uploads\/2026\/03\/LACC0272-2048x1365-1-200x133.jpg 200w, https:\/\/niteroiprev.niteroi.rj.gov.br\/wp-content\/uploads\/2026\/03\/LACC0272-2048x1365-1-300x200.jpg 300w, https:\/\/niteroiprev.niteroi.rj.gov.br\/wp-content\/uploads\/2026\/03\/LACC0272-2048x1365-1-400x267.jpg 400w, https:\/\/niteroiprev.niteroi.rj.gov.br\/wp-content\/uploads\/2026\/03\/LACC0272-2048x1365-1-600x400.jpg 600w, https:\/\/niteroiprev.niteroi.rj.gov.br\/wp-content\/uploads\/2026\/03\/LACC0272-2048x1365-1-768x512.jpg 768w, https:\/\/niteroiprev.niteroi.rj.gov.br\/wp-content\/uploads\/2026\/03\/LACC0272-2048x1365-1-800x533.jpg 800w, https:\/\/niteroiprev.niteroi.rj.gov.br\/wp-content\/uploads\/2026\/03\/LACC0272-2048x1365-1-1024x683.jpg 1024w, https:\/\/niteroiprev.niteroi.rj.gov.br\/wp-content\/uploads\/2026\/03\/LACC0272-2048x1365-1-1200x800.jpg 1200w, https:\/\/niteroiprev.niteroi.rj.gov.br\/wp-content\/uploads\/2026\/03\/LACC0272-2048x1365-1-1536x1024.jpg 1536w, https:\/\/niteroiprev.niteroi.rj.gov.br\/wp-content\/uploads\/2026\/03\/LACC0272-2048x1365-1.jpg 2048w\" sizes=\"auto, (max-width: 2048px) 100vw, 2048px\" \/><\/noscript><p id=\"caption-attachment-7310\" class=\"wp-caption-text\">Foto: Luciana Carneiro<\/p><\/div>\n<h2 data-raofz=\"22\"><\/h2>\n<h2 data-raofz=\"22\"><\/h2>\n<h2 class=\"entry-sub-title\" style=\"text-align: center;\" data-raofz=\"22\">Evento trouxe palestras e reflex\u00f5es sobre o cuidado feminino para as aposentadas, pensionistas e servidoras municipais<\/h2>\n<p data-raofz=\"15\">A Prefeitura de Niter\u00f3i realizou nesta ter\u00e7a-feira (10) o encontro Prev Mulher, que reuniu centenas de aposentadas, pensionistas e servidoras municipais no Caminho Niemeyer. O evento, realizado pela Niter\u00f3i Prev em alus\u00e3o ao M\u00eas da Mulher, promoveu uma tarde de valoriza\u00e7\u00e3o e bem-estar, combinando orienta\u00e7\u00f5es sobre direitos previdenci\u00e1rios, sa\u00fade e planejamento para o futuro com uma programa\u00e7\u00e3o cultural e de integra\u00e7\u00e3o.<\/p>\n<p data-raofz=\"15\">O encontro, que aconteceu dois dias ap\u00f3s o Dia Internacional da Mulher, teve como objetivo prolongar as reflex\u00f5es sobre o cuidado feminino em todas as etapas da vida. As participantes contaram com palestras t\u00e9cnicas e motivacionais, al\u00e9m de um caf\u00e9 de confraterniza\u00e7\u00e3o que estimulou a troca de experi\u00eancias entre as seguradas do Instituto.<\/p>\n<p data-raofz=\"15\">O presidente da Niter\u00f3i Prev, Heitor Moreira, destacou a import\u00e2ncia de iniciativas que humanizam o atendimento ao servidor.<\/p>\n<p data-raofz=\"15\">\u201cQuase 70% dos nossos benefici\u00e1rios s\u00e3o mulheres que dedicaram anos de suas vidas aos servi\u00e7os p\u00fablicos. Por esse motivo, n\u00f3s entendemos que precis\u00e1vamos avan\u00e7ar. O Prev Mulher \u00e9 um programa que tem como objetivo criar espa\u00e7os de aproxima\u00e7\u00e3o e de valoriza\u00e7\u00e3o das nossas seguradas. N\u00f3s pensamos em a\u00e7\u00f5es para ir al\u00e9m do atendimento administrativo. A\u00e7\u00f5es que realmente fa\u00e7am diferen\u00e7a na vida das nossas seguradas e tragam oportunidades reais, como os cursos de capacita\u00e7\u00e3o e os momentos de troca e aprendizado, como no dia de hoje\u201d, pontuou Heitor Moreira.<\/p>\n<p data-raofz=\"15\">A recep\u00e7\u00e3o positiva foi ecoada pelas participantes. Para a aposentada M\u00e1rcia Cristina da Silva Santos, o evento foi uma oportunidade de atualiza\u00e7\u00e3o.<\/p>\n<p data-raofz=\"15\">\u201cEu sou aposentada recentemente, foram 43 anos na sa\u00fade. Acho que cheguei em boa hora porque parece que a pol\u00edtica mudou e agora ela est\u00e1 tendo esse acolhimento, essa vis\u00e3o de bem-estar, de valoriza\u00e7\u00e3o das mulheres, dos aposentados. Est\u00e3o nos oferecendo algumas oportunidades de a gente poder fazer alguns cursos\u201d, comentou.<\/p>\n<p data-raofz=\"15\">A aposentada Simone Barbosa Maia ressaltou o foco no futuro:<\/p>\n<p data-raofz=\"15\">\u201cEst\u00e1 sendo um evento maravilhoso, muito esclarecedor. Estou aprendendo coisas novas, estou sabendo mais sobre a Niter\u00f3i Prev, sobre os projetos, sobre os nossos direitos, sobre as parcerias e sobre os conv\u00eanios. Estou me surpreendendo a cada evento, a cada encontro\u201d, disse.<\/p>\n<p data-raofz=\"15\">O Prev Mulher integra o conjunto de a\u00e7\u00f5es institucionais da Niter\u00f3i Prev para fortalecer o di\u00e1logo com seus segurados, ampliando o acesso \u00e0 informa\u00e7\u00e3o transparente e promovendo o envelhecimento ativo e saud\u00e1vel no funcionalismo municipal.<\/p>\n<p data-raofz=\"15\">Para mais informa\u00e7\u00f5es sobre direitos previdenci\u00e1rios e futuras a\u00e7\u00f5es da Niter\u00f3i Prev, os segurados podem acessar o portal oficial (<a role=\"link\" href=\"http:\/\/www.niteroiprev.rj.gov.br\/\" rel=\"noreferrer noopener\" data-raofz=\"15\">www.niteroiprev.rj.gov.br<\/a>) ou comparecer \u00e0 sede do Instituto.<\/p>\n<p>&nbsp;<\/p>\n","protected":false},"excerpt":{"rendered":"<p>Evento trouxe palestras e reflex\u00f5es sobre o cuidado feminino para [&hellip;]<\/p>\n","protected":false},"author":1,"featured_media":0,"comment_status":"open","ping_status":"open","sticky":false,"template":"","format":"standard","meta":{"_acf_changed":false,"footnotes":""},"categories":[6],"tags":[],"class_list":["post-7307","post","type-post","status-publish","format-standard","hentry","category-destaques"],"acf":[],"_links":{"self":[{"href":"https:\/\/niteroiprev.niteroi.rj.gov.br\/index.php?rest_route=\/wp\/v2\/posts\/7307","targetHints":{"allow":["GET"]}}],"collection":[{"href":"https:\/\/niteroiprev.niteroi.rj.gov.br\/index.php?rest_route=\/wp\/v2\/posts"}],"about":[{"href":"https:\/\/niteroiprev.niteroi.rj.gov.br\/index.php?rest_route=\/wp\/v2\/types\/post"}],"author":[{"embeddable":true,"href":"https:\/\/niteroiprev.niteroi.rj.gov.br\/index.php?rest_route=\/wp\/v2\/users\/1"}],"replies":[{"embeddable":true,"href":"https:\/\/niteroiprev.niteroi.rj.gov.br\/index.php?rest_route=%2Fwp%2Fv2%2Fcomments&post=7307"}],"version-history":[{"count":4,"href":"https:\/\/niteroiprev.niteroi.rj.gov.br\/index.php?rest_route=\/wp\/v2\/posts\/7307\/revisions"}],"predecessor-version":[{"id":7312,"href":"https:\/\/niteroiprev.niteroi.rj.gov.br\/index.php?rest_route=\/wp\/v2\/posts\/7307\/revisions\/7312"}],"wp:attachment":[{"href":"https:\/\/niteroiprev.niteroi.rj.gov.br\/index.php?rest_route=%2Fwp%2Fv2%2Fmedia&parent=7307"}],"wp:term":[{"taxonomy":"category","embeddable":true,"href":"https:\/\/niteroiprev.niteroi.rj.gov.br\/index.php?rest_route=%2Fwp%2Fv2%2Fcategories&post=7307"},{"taxonomy":"post_tag","embeddable":true,"href":"https:\/\/niteroiprev.niteroi.rj.gov.br\/index.php?rest_route=%2Fwp%2Fv2%2Ftags&post=7307"}],"curies":[{"name":"wp","href":"https:\/\/api.w.org\/{rel}","templated":true}]}}